{"id":1,"__str__":"Audi\u00eancia P\u00fablica","link_detail_backend":"/audiencia/1","metadata":{},"numero":1,"ano":2021,"nome":"Audi\u00eancia P\u00fablica","tema":"Apresenta\u00e7\u00e3o do PREO 6\u00ba  bimestre 2020","data":"2021-01-26","hora_inicio":"10:00","hora_fim":"","observacao":"","audiencia_cancelada":false,"url_audio":"","url_video":"","upload_pauta":null,"upload_ata":null,"upload_anexo":"http://sapl.rondaalta.rs.leg.br/media/sapl/public/audienciapublica/1/anexo/edital_de_convocacao_-_audiencia_publica_ronda_alta_26.01.21.doc","materia":null,"tipo":1,"parlamentar_autor":null,"requerimento":null}